{"id":243,"date":"2015-04-21T16:32:14","date_gmt":"2015-04-21T14:32:14","guid":{"rendered":"http:\/\/promotionsociale.org\/gips2015\/?p=243"},"modified":"2015-04-30T13:05:55","modified_gmt":"2015-04-30T11:05:55","slug":"mise-a-jour-des-applications-gips-annee-scolaire-2015-2016","status":"publish","type":"post","link":"http:\/\/promotionsociale.org\/gips2015\/mise-a-jour-des-applications-gips-annee-scolaire-2015-2016\/","title":{"rendered":"Mise \u00e0 jour des Applications Gips  Ann\u00e9e Scolaire 2015-2016"},"content":{"rendered":"<p>Voir Documentation : <a href=\"http:\/\/promotionsociale.org\/gips2015\/mise-a-jour-gips-2015-2016\/\">Mise \u00e0 jour Gips 2015-2016<\/a><\/p>\n<p>Remarque :<\/p>\n<ul>\n<li>La base de donn\u00e9es 2014-2015 doit \u00eatre en version 6<\/li>\n<li>Aucune modification dans les DI, DIS<\/li>\n<li>Pas de modifications des codes dispo.<br \/>\n( dans l&#8217;attente de la circulaire de rentr\u00e9e )<\/li>\n<\/ul>\n<p><img decoding=\"async\" loading=\"lazy\" id=\"__wp-temp-img-id\" src=\"https:\/\/i0.wp.com\/promotionsociale.org\/gips2015\/wp-content\/uploads\/sites\/5\/2015\/04\/Bonne-rentr\u00e9e-\u00e0-tous.jpg?resize=300%2C189\" alt=\"Bonne rentr\u00e9e \u00e0 tous\" width=\"300\" height=\"189\" data-recalc-dims=\"1\" \/><\/p>\n<p><strong>Philippe Pierard<\/strong><\/p>\n","protected":false},"excerpt":{"rendered":"<p>Voir Documentation : Mise \u00e0 jour Gips 2015-2016 Remarque : La base de donn\u00e9es 2014-2015 doit \u00eatre en version 6 Aucune modification dans les DI, DIS Pas de modifications des codes dispo. ( dans l&#8217;attente de la circulaire de rentr\u00e9e &hellip; <a href=\"http:\/\/promotionsociale.org\/gips2015\/mise-a-jour-des-applications-gips-annee-scolaire-2015-2016\/\">Continuer la lecture <span class=\"meta-nav\">&rarr;<\/span><\/a><\/p>\n","protected":false},"author":3,"featured_media":0,"comment_status":"open","ping_status":"open","sticky":false,"template":"","format":"standard","meta":{"jetpack_post_was_ever_published":false,"_jetpack_newsletter_access":"","jetpack_publicize_message":"","jetpack_is_tweetstorm":false,"jetpack_publicize_feature_enabled":true,"jetpack_social_post_already_shared":false,"jetpack_social_options":{"image_generator_settings":{"template":"highway","enabled":false}}},"categories":[1],"tags":[],"jetpack_publicize_connections":[],"jetpack_featured_media_url":"","jetpack_sharing_enabled":true,"jetpack_shortlink":"https:\/\/wp.me\/p67G42-3V","jetpack-related-posts":[{"id":550,"url":"http:\/\/promotionsociale.org\/gips2015\/mise-a-jour-des-applications-18092016\/","url_meta":{"origin":243,"position":0},"title":"Mise \u00e0 jour des applications 18\/09\/2016","author":"Philippe Pierard","date":"18 septembre 2016","format":false,"excerpt":"Breaking News Pour rappel\u00a0: le serveur de Gips h\u00e9berg\u00e9 chez OVH a \u00e9t\u00e9 modifi\u00e9 Il faut obligatoirement mettre \u00e0 jour, sur tous les postes, le programme GIPS UPDATE\u00a0 pour 2016-2017 afin qu\u2019il re-fonctionne. Professeurs version 17.10 - Correctif sur les PromS12 des sommes pour le R\u00e9gime 2 Mise \u00e0 jour\u2026","rel":"","context":"Dans &quot;Non class\u00e9&quot;","block_context":{"text":"Non class\u00e9","link":"http:\/\/promotionsociale.org\/gips2015\/category\/non-classe\/"},"img":{"alt_text":"","src":"","width":0,"height":0},"classes":[]},{"id":563,"url":"http:\/\/promotionsociale.org\/gips2015\/mise-a-jour-des-applications-26092016\/","url_meta":{"origin":243,"position":1},"title":"Mise \u00e0 jour des applications 26\/09\/2016","author":"Philippe Pierard","date":"26 septembre 2016","format":false,"excerpt":"Breaking News La prochaine r\u00e9union du \u00a0Comit\u00e9 de suivi du logiciel GIPS aura lieu \u00e0 IFOSUP le jeudi 6 octobre 2016 \u00e0 10h. Pour rappel\u00a0: le serveur de Gips h\u00e9berg\u00e9 chez OVH a \u00e9t\u00e9 modifi\u00e9 Il faut obligatoirement mettre \u00e0 jour, sur tous les postes, le programme GIPS UPDATE\u00a0 pour\u2026","rel":"","context":"Dans &quot;Non class\u00e9&quot;","block_context":{"text":"Non class\u00e9","link":"http:\/\/promotionsociale.org\/gips2015\/category\/non-classe\/"},"img":{"alt_text":"","src":"","width":0,"height":0},"classes":[]},{"id":539,"url":"http:\/\/promotionsociale.org\/gips2015\/mise-a-jour-des-applications-11092016\/","url_meta":{"origin":243,"position":2},"title":"Mise \u00e0 jour des applications 11\/09\/2016","author":"Philippe Pierard","date":"13 septembre 2016","format":false,"excerpt":"Breaking News Circulaire 5872 du 13\/09\/2016 ...Au niveau des \u00ab\u00a0documents 12\u00a0\u00bb, permettre l\u2019\u00e9largissement de la gestion des documents d\u00e9pos\u00e9s jusqu\u2019au 12 septembre (au-del\u00e0 de la date initialement fix\u00e9e du 9 septembre). Cela signifie donc que, avec un d\u00e9p\u00f4t au plus tard le 12 septembre, les agents de fixation et liquidation\u2026","rel":"","context":"Dans &quot;Non class\u00e9&quot;","block_context":{"text":"Non class\u00e9","link":"http:\/\/promotionsociale.org\/gips2015\/category\/non-classe\/"},"img":{"alt_text":"","src":"","width":0,"height":0},"classes":[]},{"id":309,"url":"http:\/\/promotionsociale.org\/gips2015\/mise-a-jour-des-applications-22052015\/","url_meta":{"origin":243,"position":3},"title":"Mise \u00e0 jour des applications 22\/05\/2015","author":"Philippe Pierard","date":"22 mai 2015","format":false,"excerpt":"Mise \u00e0 jour pour Gips 2014-2015 et 2015-2016 Application \u00e9cole : - Correction de la biblioth\u00e8que des formations ( aide \u00e0 l'encodage des niveaux et Classements ) Application Cipgips : - Correction de l\u2019utilitaire de gestion des bases de donn\u00e9es - Modification de la requ\u00eate pour la liste g\u00e9n\u00e9rale des\u2026","rel":"","context":"Dans &quot;Non class\u00e9&quot;","block_context":{"text":"Non class\u00e9","link":"http:\/\/promotionsociale.org\/gips2015\/category\/non-classe\/"},"img":{"alt_text":"","src":"","width":0,"height":0},"classes":[]},{"id":553,"url":"http:\/\/promotionsociale.org\/gips2015\/mise-a-jour-des-applications-18092016-2\/","url_meta":{"origin":243,"position":4},"title":"Mise \u00e0 jour des applications 19\/09\/2016","author":"Philippe Pierard","date":"19 septembre 2016","format":false,"excerpt":"Breaking News Pour rappel\u00a0: le serveur de Gips h\u00e9berg\u00e9 chez OVH a \u00e9t\u00e9 modifi\u00e9 Il faut obligatoirement mettre \u00e0 jour, sur tous les postes, le programme GIPS UPDATE\u00a0 pour 2016-2017 afin qu\u2019il re-fonctionne. \u00c9tudiants version 17.03 - Correctif du contr\u00f4le du num\u00e9ro national ( n\u00e9es apr\u00e8s le 31 12 1999\u2026","rel":"","context":"Dans &quot;Non class\u00e9&quot;","block_context":{"text":"Non class\u00e9","link":"http:\/\/promotionsociale.org\/gips2015\/category\/non-classe\/"},"img":{"alt_text":"","src":"","width":0,"height":0},"classes":[]},{"id":547,"url":"http:\/\/promotionsociale.org\/gips2015\/mise-a-jour-des-applications-16092016\/","url_meta":{"origin":243,"position":5},"title":"Mise \u00e0 jour des applications 16\/09\/2016","author":"Philippe Pierard","date":"16 septembre 2016","format":false,"excerpt":"Breaking News Circulaire 5872 du 13\/09\/2016 ...Au niveau des \u00ab\u00a0documents 12\u00a0\u00bb, permettre l\u2019\u00e9largissement de la gestion des documents d\u00e9pos\u00e9s jusqu\u2019au 12 septembre (au-del\u00e0 de la date initialement fix\u00e9e du 9 septembre). Cela signifie donc que, avec un d\u00e9p\u00f4t au plus tard le 12 septembre, les agents de fixation et liquidation\u2026","rel":"","context":"Dans &quot;Non class\u00e9&quot;","block_context":{"text":"Non class\u00e9","link":"http:\/\/promotionsociale.org\/gips2015\/category\/non-classe\/"},"img":{"alt_text":"","src":"","width":0,"height":0},"classes":[]}],"_links":{"self":[{"href":"http:\/\/promotionsociale.org\/gips2015\/wp-json\/wp\/v2\/posts\/243"}],"collection":[{"href":"http:\/\/promotionsociale.org\/gips2015\/wp-json\/wp\/v2\/posts"}],"about":[{"href":"http:\/\/promotionsociale.org\/gips2015\/wp-json\/wp\/v2\/types\/post"}],"author":[{"embeddable":true,"href":"http:\/\/promotionsociale.org\/gips2015\/wp-json\/wp\/v2\/users\/3"}],"replies":[{"embeddable":true,"href":"http:\/\/promotionsociale.org\/gips2015\/wp-json\/wp\/v2\/comments?post=243"}],"version-history":[{"count":6,"href":"http:\/\/promotionsociale.org\/gips2015\/wp-json\/wp\/v2\/posts\/243\/revisions"}],"predecessor-version":[{"id":304,"href":"http:\/\/promotionsociale.org\/gips2015\/wp-json\/wp\/v2\/posts\/243\/revisions\/304"}],"wp:attachment":[{"href":"http:\/\/promotionsociale.org\/gips2015\/wp-json\/wp\/v2\/media?parent=243"}],"wp:term":[{"taxonomy":"category","embeddable":true,"href":"http:\/\/promotionsociale.org\/gips2015\/wp-json\/wp\/v2\/categories?post=243"},{"taxonomy":"post_tag","embeddable":true,"href":"http:\/\/promotionsociale.org\/gips2015\/wp-json\/wp\/v2\/tags?post=243"}],"curies":[{"name":"wp","href":"https:\/\/api.w.org\/{rel}","templated":true}]}}